{"id":7175,"date":"2020-07-06T14:38:45","date_gmt":"2020-07-06T12:38:45","guid":{"rendered":"https:\/\/sbshoppingbasket.com\/?p=7175"},"modified":"2023-11-15T09:58:55","modified_gmt":"2023-11-15T08:58:55","slug":"ergonomie-retail","status":"publish","type":"post","link":"https:\/\/sbshoppingbasket.com\/fr\/blog\/ergonomie-retail\/","title":{"rendered":"Ergonomie retail"},"content":{"rendered":"\n<h1 class=\"wp-block-heading\">Ergonomie retail sensorielle&nbsp;<\/h1>\n\n\n\n<p id=\"tw-target-text\">Vous \u00eates-vous d\u00e9j\u00e0 demand\u00e9 comment tous nos sens et nos esprits influencent la d\u00e9cision d\u2019achat\u202f?<\/p>\n\n\n\n<p id=\"tw-target-text\">L\u2019ergonomie retail est la sp\u00e9cialit\u00e9 qui vise le bien-\u00eatre dans tous les sens de l\u2019acheteur au point de vente. De cette fa\u00e7on, il est possible que vous vous sentiez \u00e0 l\u2019aise lors de vos achats et que tous vos sens soient stimul\u00e9s harmonieusement afin de promouvoir les achats dans l\u2019\u00e9tablissement.<\/p>\n\n\n\n<p>L\u2019ergonomie sensorielle se base sur les \u00e9motions et les sensations et les int\u00e8gre dans la strat\u00e9gie marketing. La stimulation des sens va activer des impulsions qui vont provoquer des r\u00e9actions chez les consommateurs. La stimulation des sens tout en ressentant une \u00e9motion cr\u00e9e une ancre, et si celle-ci est positive, elle favorisera la fid\u00e9lisation et l\u2019encouragement positif pour la marque.<\/p>\n\n\n\n<h5 class=\"wp-block-heading\" id=\"tw-target-text\">\u00c9VOLUTION DE L\u2019ERGONOMIE RETAIL<\/h5>\n\n\n\n<ul class=\"wp-block-list\">\n<li>D\u00e9j\u00e0 dans la<strong>&nbsp;Gr\u00e8ce Antique<\/strong>&nbsp;(s.V apr\u00e8s J.-C.) des ustensiles et des outils ergonomiques pour l\u2019\u00eatre humain ont \u00e9t\u00e9 con\u00e7us<\/li>\n<\/ul>\n\n\n\n<p><em>Le mot \u00ab&nbsp;ergonomie&nbsp;\u00bb est compos\u00e9 de la racine \u00e9tymologique ERGON qui signifie \u00ab&nbsp;travail&nbsp;\u00bb et du suffixe NOMOS qui signifie \u00ab&nbsp;lois&nbsp;\u00bb.<\/em><\/p>\n\n\n\n<ul class=\"wp-block-list\">\n<li>\u00c0 partir de la&nbsp;<strong>R\u00e9volution Industrielle<\/strong>&nbsp;du 19e si\u00e8cle, le concept d\u2019ergonomie au travail a commenc\u00e9 \u00e0 devenir importante. La fatigue, les accidents et les maladies professionnelles sont r\u00e9duits, ce qui diminue l\u2019absent\u00e9isme et augmente la satisfaction au travail. Le terme&nbsp;<strong>\u00abergonomie corrective\u00bb<\/strong>&nbsp;appara\u00eet, qui vise \u00e0 optimiser chaque activit\u00e9 en tenant compte du bien-\u00eatre psychologique, physiologique, hygi\u00e9nique, s\u00e9curit\u00e9, etc.<\/li>\n<\/ul>\n\n\n\n<ul class=\"wp-block-list\">\n<li>D\u00e9j\u00e0 au&nbsp;<strong>d\u00e9but du 20e si\u00e8cle,<\/strong>&nbsp;les sociologues, les psychologues et les ing\u00e9nieurs ont commenc\u00e9 \u00e0&nbsp;am\u00e9liorer les postures corporelles au travail et m\u00eame la musique d\u2019ambiance jou\u00e9e aux usines. Ils ont constat\u00e9 que la stimulation harmonieuse des sens augmentait la productivit\u00e9.<\/li>\n<\/ul>\n\n\n\n<figure class=\"wp-block-image aligncenter\"><a href=\"http:\/\/resources.sbshoppingbasket.com\/fr\/ebook-4-nouvelle-normalite-retail\"><img decoding=\"async\" src=\"https:\/\/sbshoppingbasket.com\/wp-content\/uploads\/2020\/04\/banner-web-horizontal-1024x156-ebook4-fra.jpg\" alt=\"banner-web-horizontal-1024x156-ebook4-fra\" class=\"wp-image-93215\" title=\"\"><\/a><\/figure>\n\n\n\n<ul class=\"wp-block-list\">\n<li>D\u00e9j\u00e0 \u00e0 la&nbsp;<strong>fin du 20e si\u00e8cle<\/strong>, le concept d\u2019ergonomie est appliqu\u00e9 \u00e0 tous les domaines o\u00f9 les gens interagissent. Du secteur a\u00e9ronautique au secteur automobile, en passant par l\u2019informatique et le travail ou le meuble, l\u2019ergonomie r\u00e9git sa conception.<\/li>\n<\/ul>\n\n\n\n<ul class=\"wp-block-list\">\n<li>Au cours des&nbsp;<strong>derni\u00e8res d\u00e9cennies,<\/strong>&nbsp;le concept d\u2019ergonomie s\u2019est \u00e9tendu aux utilisateurs et acheteurs, \u00e0 la recherche de leur bien-\u00eatre absolu afin d\u2019augmenter les ventes.<\/li>\n<\/ul>\n\n\n\n<p id=\"tw-target-text\"><strong>OBJECTIFS DE L\u2019ERGONOMIE RETAIL SENSORIELLE<\/strong><\/p>\n\n\n\n<p>Selon le&nbsp;<a href=\"https:\/\/www.rdispain.com\/\" rel=\"nofollow noopener\" target=\"_blank\">RDI<\/a>, voici le sch\u00e9ma de l\u2019implantation d\u2019un concept bas\u00e9 sur la th\u00e9orie de l\u2019ergonomie&nbsp; retail sensorielle:<\/p>\n\n\n\n<ol class=\"wp-block-list\">\n<li>Sensation absolue de bien-\u00eatre\n<ol class=\"wp-block-list\">\n<li>Physique<\/li>\n\n\n\n<li>Mental<\/li>\n\n\n\n<li>Spirituel<\/li>\n<\/ol>\n<\/li>\n\n\n\n<li>Augmentez le temps des acheteurs en magasin\n<ol class=\"wp-block-list\">\n<li>Augmentez le ticket moyen<\/li>\n\n\n\n<li>Visites r\u00e9currentes \u00e0 votre magasin<\/li>\n\n\n\n<li>Fid\u00e9lit\u00e9 du consommateur<\/li>\n<\/ol>\n<\/li>\n<\/ol>\n\n\n\n<p id=\"tw-target-text\"><strong>AVEC LES OBJECTIFS SUIVANTS:<\/strong><\/p>\n\n\n\n<ol class=\"wp-block-list\">\n<li>\n<ol class=\"wp-block-list\">\n<li>Encourager l\u2019achatStimuler tous les sens de l\u2019acheteur vise \u00e0 d\u00e9velopper autant que possible la boite&nbsp;sc\u00e9nique. Ainsi, votre marque renforce sa position dans l\u2019esprit de l\u2019acheteur, ce qui facilite la conversion de vente.<\/li>\n\n\n\n<li>Renforcer l\u2019identit\u00e9 de marqueDe cette fa\u00e7on, nous nous diff\u00e9rencions de la concurrence et il est enregistr\u00e9 de cette mani\u00e8re dans l\u2019esprit de l\u2019acheteur.<\/li>\n\n\n\n<li>Cr\u00e9er un processus d\u2019achat agr\u00e9ableSi l\u2019acheteur a une exp\u00e9rience d\u2019achat positive, sa fid\u00e9lit\u00e9 sera consolid\u00e9e.<\/li>\n<\/ol>\n<\/li>\n<\/ol>\n\n\n\n<h5 class=\"wp-block-heading\">\u00c9L\u00c9MENTS QUI&nbsp;D\u00c9CRIVENT&nbsp;UN CONCEPT DE D\u00c9TAIL<\/h5>\n\n\n\n<p><strong>A. BO\u00ceTE SC\u00c9NIQUE:<\/strong>&nbsp;<\/p>\n\n\n\n<p>C\u2019est l\u2019ensemble des \u00e9l\u00e9ments et du look que vous utilisez pour transmettre le message de votre marque. Son choix sera bas\u00e9 sur la n\u00e9cessit\u00e9 de transmettre la valeur de la marque et pas seulement sur des crit\u00e8res esth\u00e9tiques.<\/p>\n\n\n\n<h6 class=\"wp-block-heading\"><strong>1.&nbsp;<\/strong>Design d\u2019int\u00e9rieur et apparence du magasin physique<\/h6>\n\n\n\n<p id=\"tw-target-text\">\u00c9l\u00e9ments qui jouent un r\u00f4le cl\u00e9:<\/p>\n\n\n\n<ul class=\"wp-block-list\">\n<li>\n<ul class=\"wp-block-list\">\n<li>Rev\u00eatements du sol et murs<\/li>\n\n\n\n<li>Meubles<\/li>\n\n\n\n<li>\u00c9clairage<\/li>\n\n\n\n<li>Palette de couleurs<\/li>\n\n\n\n<li>Gestion de l\u2019espace physique<\/li>\n\n\n\n<li>Visite propos\u00e9e<\/li>\n\n\n\n<li>Textures et mat\u00e9riaux<\/li>\n\n\n\n<li>Sens<\/li>\n\n\n\n<li>Impacts de la technologie utilis\u00e9e<\/li>\n\n\n\n<li>Musique&nbsp;d\u2019ambiance<\/li>\n\n\n\n<li>Autres sons<\/li>\n<\/ul>\n<\/li>\n<\/ul>\n\n\n\n<p>Il y a une&nbsp;<a href=\"https:\/\/psycnet.apa.org\/record\/1999-13895-010\" rel=\"nofollow noopener\" target=\"_blank\">\u00e9tude<\/a>&nbsp;qui montre comment la musique a un effet sur nous lors de l\u2019achat. L\u2019exp\u00e9rience a d\u00e9montr\u00e9 comment, alors que la musique fran\u00e7aise jouait en arri\u00e8re-plan, les ventes de vin fran\u00e7ais ont augment\u00e9. La musique de fond fran\u00e7aise devenant allemande, la vente de vin allemand a augment\u00e9.<\/p>\n\n\n\n<p>Renforcer notre marque dans la boite \u00e0 sc\u00e8ne nous permet de nous d\u00e9marquer de la concurrence et de nous positionner clairement dans l\u2019esprit de l\u2019utilisateur.<br>Lors du d\u00e9veloppement de notre marque, nous devons utiliser tous les outils qui stimulent les sens de l\u2019acheteur.<br>Lorsque les acheteurs entrent dans notre bo\u00eete de sc\u00e8ne, tous ces stimuli sont passivement pr\u00e9sents, donc les acheteurs les per\u00e7oivent sans vraiment se rendre compte de leur impact.<br>De plus, nous pouvons continuer \u00e0 transmettre ces sensations \u00e0 travers l\u2019emballage de nos produits. Prolonger, tout de m\u00eame, l\u2019exp\u00e9rience d\u2019achat sensorielle.<br>Nous avons un grand nombre d\u2019outils en notre faveur pour am\u00e9liorer l\u2019ergonomie sensorielle, depuis le logo, les couleurs que nous utilisons sur la bo\u00eete de sc\u00e8ne, la musique qui joue et les ar\u00f4mes que nous percevons.<br>Tous ensemble cr\u00e9eront une exp\u00e9rience sensorielle qui aura un impact sur le subconscient des utilisateurs.<\/p>\n\n\n\n<p><strong>L\u2019ensemble de tous ces \u00e9l\u00e9ments cr\u00e9e une empreinte sensorielle qui leur rappellera cette marque.<\/strong><\/p>\n\n\n\n<h6 class=\"wp-block-heading\"><strong>2.&nbsp;<\/strong>Aspect et attitude de l\u2019\u00e9quipe en magasin<\/h6>\n\n\n\n<p id=\"tw-target-text\">L\u2019\u00e9quipe de personnes qui travaillent dans le magasin est l\u2019extension de cette bo\u00eete sc\u00e9nique et l\u2019id\u00e9e que le client aura de la marque. Les aspects suivants doivent \u00eatre pris en compte:<\/p>\n\n\n\n<ul class=\"wp-block-list\">\n<li>\n<ul class=\"wp-block-list\">\n<li>La ton utilis\u00e9<\/li>\n\n\n\n<li>Le type d\u2019interaction avec les clients et entre le personnel<\/li>\n\n\n\n<li>Parler avec les clients<\/li>\n\n\n\n<li>Processus de socialisation avec les clients<\/li>\n\n\n\n<li>Interaction avec des \u00e9quipements commerciaux<\/li>\n\n\n\n<li>Emplacement du personnel du magasin<\/li>\n\n\n\n<li>Les v\u00eatements, la propret\u00e9 et l\u2019hygi\u00e8ne du personnel<\/li>\n<\/ul>\n<\/li>\n<\/ul>\n\n\n\n<p>Il est tr\u00e8s important que l\u2019ensemble soit normalis\u00e9 afin de transmettre un message coh\u00e9rent et continu. De plus, la m\u00eame vibration doit \u00eatre obtenue dans tous les magasins de la marque. Il est donc n\u00e9cessaire d\u2019\u00e9tablir des directives homog\u00e8nes et de former le personnel.<\/p>\n\n\n\n<p>Ce sera l\u2019\u00e9quipe qui transmettra la personnalit\u00e9 et les valeurs de la marque. Dans de nombreux cas, la premi\u00e8re et derni\u00e8re chose que l\u2019acheteur per\u00e7oit est l\u2019\u00e9quipe de personnes qui y travaillent. L\u2019interaction que le client per\u00e7oit fera partie du produit et de la marque qu\u2019il a acquis.<\/p>\n\n\n\n<p id=\"tw-target-text\"><strong>PROCESSUS D\u2019ACHAT<\/strong><\/p>\n\n\n\n<ol class=\"wp-block-list\">\n<li><strong>Bien-\u00eatre physique<\/strong><\/li>\n<\/ol>\n\n\n\n<p id=\"tw-target-text\">Ce sont des caract\u00e9ristiques traditionnellement trait\u00e9es par l\u2019ergonomie.<\/p>\n\n\n\n<h5 class=\"wp-block-heading\"><strong>A. Du vendeur<\/strong><\/h5>\n\n\n\n<p id=\"tw-target-text\">Comme nous l\u2019avons mentionn\u00e9 pr\u00e9c\u00e9demment, la sensation que le client re\u00e7coit apr\u00e8s l\u2019interaction avec les vendeurs fait partie de l\u2019\u00e9motion que la marque souhaite transmettre. Pour que les travailleurs soient des ambassadeurs de leur marque, ils doivent \u00eatre \u00e0 l\u2019aise et engag\u00e9s avec elle. Pour cela, il est tr\u00e8s important de leur fournir les meilleures conditions de travail:<\/p>\n\n\n\n<ul class=\"wp-block-list\">\n<li>\n<ul class=\"wp-block-list\">\n<li>Les processus de travail doivent \u00eatre optimis\u00e9s pour r\u00e9aliser l\u2019activit\u00e9 de la mani\u00e8re la plus rapide tout en \u00e9tant pratiques et ordonn\u00e9s.<\/li>\n<\/ul>\n<\/li>\n<\/ul>\n\n\n\n<p id=\"tw-target-text\">Tous les \u00e9l\u00e9ments qui font partie de l\u2019exp\u00e9rience d\u2019achat doivent \u00eatre pris en compte dans le cadre de la bo\u00eete sc\u00e9nique. D\u00e8s les cintres utilis\u00e9s, \u00e0 l\u2019\u00e9tiquette de prix, etc.<\/p>\n\n\n\n<ul class=\"wp-block-list\">\n<li>\n<ul class=\"wp-block-list\">\n<li>Le conditionnement du magasin: l\u2019ordre et la propret\u00e9. Les \u00e9l\u00e9ments avec lesquels l\u2019\u00e9quipe du magasin doit travailler doivent \u00eatre ad\u00e9quats pour ne pas g\u00eaner leur travail. De plus, un signe du bon choix de ces \u00e9l\u00e9ments sera la transparence de ceux-ci, car s\u2019ils sont adapt\u00e9s aux besoins du magasin, et ils n\u2019interf\u00e9reront pas avec le travail.<\/li>\n<\/ul>\n<\/li>\n<\/ul>\n\n\n\n<p id=\"tw-target-text\">Si nous regardons<strong>&nbsp;la th\u00e9orie des Deux facteurs de Herzberg<\/strong>, nous voyons comment deux facteurs influencent les travailleurs:<\/p>\n\n\n\n<h2 class=\"wp-block-heading\"><strong>LA SATISFACTION<\/strong><\/h2>\n\n\n\n<hr class=\"wp-block-separator has-alpha-channel-opacity\"\/>\n\n\n\n<p><strong>Les facteurs:<\/strong><\/p>\n\n\n\n<ul class=\"wp-block-list\">\n<li><strong>travail stimulant<\/strong><\/li>\n\n\n\n<li><strong>reconnaissance<\/strong><\/li>\n\n\n\n<li><strong>promotions<\/strong><\/li>\n\n\n\n<li><strong>responsabilit\u00e9<\/strong><\/li>\n\n\n\n<li><strong>etc.<\/strong><\/li>\n<\/ul>\n\n\n\n<p><strong>Satisfaction<\/strong>&nbsp;qui est g\u00e9n\u00e9ralement le r\u00e9sultat de facteurs de motivation qui peuvent augmenter la satisfaction individuelle mais pas l\u2019insatisfaction.<\/p>\n\n\n\n<h2 class=\"wp-block-heading\"><strong>INSATISFACTION<\/strong><\/h2>\n\n\n\n<hr class=\"wp-block-separator has-alpha-channel-opacity\"\/>\n\n\n\n<p><strong>Les facteurs:<\/strong><\/p>\n\n\n\n<ul class=\"wp-block-list\">\n<li><strong>r\u00e9mun\u00e9ration<\/strong><\/li>\n\n\n\n<li><strong>conditions de travail<\/strong><\/li>\n\n\n\n<li><strong>politiques du travail<\/strong><\/li>\n\n\n\n<li><strong>etc.<\/strong><\/li>\n<\/ul>\n\n\n\n<p><strong>L\u2019insatisfaction<\/strong>&nbsp;est g\u00e9n\u00e9ralement le r\u00e9sultat de facteurs d\u2019hygi\u00e8ne. Si ces facteurs manquent ou sont inad\u00e9quats, ils provoquent une g\u00eane, mais leur pr\u00e9sence ne provoque g\u00e9n\u00e9ralement pas d\u2019opinion positive car s\u2019ils le sont, ils sont g\u00e9n\u00e9ralement \u00ab&nbsp;transparents&nbsp;\u00bb.<\/p>\n\n\n\n<h5 class=\"wp-block-heading\"><strong>B. De l\u2019acheteur<\/strong><\/h5>\n\n\n\n<p>Un environnement doit \u00eatre cr\u00e9\u00e9 o\u00f9 l\u2019acheteur se sent \u00e0 l\u2019aise. Cela d\u00e9pend de la dur\u00e9e de votre s\u00e9jour dans le magasin. Plus ce temps est long, plus vous aurez l\u2019occasions de vente.<\/p>\n\n\n\n<p id=\"tw-target-text\">Selon le Wall Street Journal, le&nbsp;<em>Slow Shopping<\/em>&nbsp;de marques comme Origins a augment\u00e9 les ventes de 20 \u00e0 40%. Le fait de rester plus longtemps en magasin augmente les possibilit\u00e9s de vente.<\/p>\n\n\n\n<p id=\"tw-target-text\">Les \u00e9l\u00e9ments pouvant contribuer \u00e0 prolonger la visite sont \u00e9troitement li\u00e9s \u00e0 l\u2019ergonomie.<\/p>\n\n\n\n<ul class=\"wp-block-list\">\n<li><strong>Mobilier:<\/strong>&nbsp;chaises, miroirs, \u00e9tag\u00e8res.<\/li>\n\n\n\n<li><strong>Mat\u00e9riel commercial<\/strong>&nbsp;pour transporter les produits qui vous int\u00e9ressent: paniers, chariots et sacs.<\/li>\n<\/ul>\n\n\n\n<figure class=\"wp-block-image aligncenter\"><a href=\"https:\/\/sbshoppingbasket.com\/?page_id=89707&amp;lang=fr\" target=\"_blank\" rel=\"noreferrer noopener\"><img decoding=\"async\" src=\"https:\/\/sbshoppingbasket.com\/wp-content\/uploads\/2020\/06\/FIT-Banner-1132x368-fra-1.png\" alt=\"FIT-Banner-1132x368-fra\" class=\"wp-image-93663\" title=\"\"><\/a><\/figure>\n\n\n\n<ul class=\"wp-block-list\">\n<li><strong>\u00c9clairage:<\/strong>&nbsp;ambiant, spot, sp\u00e9cial, etc.<\/li>\n\n\n\n<li><strong>La signal\u00e9tique:<\/strong>&nbsp;informations sur les sections, toilettes, tarifs, promotions, etc.<\/li>\n\n\n\n<li><strong>Cr\u00e9ation de diff\u00e9rents espaces:<\/strong>&nbsp;entr\u00e9e, vestiaires, aires de repos, etc.<\/li>\n<\/ul>\n\n\n\n<p id=\"tw-target-text\">De plus, tous ces \u00e9l\u00e9ments seront d\u00e9cisifs pour cr\u00e9er une exp\u00e9rience d\u2019achat agr\u00e9able qui d\u00e9terminera si ce client reviendra ou pr\u00e9f\u00e9rera un concurrent.<\/p>\n\n\n\n<h6 class=\"wp-block-heading\"><\/h6>\n\n\n\n<h6 class=\"wp-block-heading\"><strong>2. Bien-\u00eatre \u00e9motionnel du vendeur et de l\u2019acheteur<\/strong><\/h6>\n\n\n\n<p>En plus de physiquement, l\u2019acheteur doit se sentir bien \u00e9motionnellement. Par cons\u00e9quent, tous les facteurs comptent.<\/p>\n\n\n\n<p id=\"tw-target-text\">Par exemple, avoir un personnel trop jeune ou plus \u00e2g\u00e9 par rapport \u00e0 l\u2019objectif de la marque peut \u00eatre tr\u00e8s n\u00e9gatif car le client peut couper le flux empathique en se sentant mal conseill\u00e9.<\/p>\n\n\n\n<p id=\"tw-target-text\">Il sera \u00e9galement essentiel de former le personnel pour lui donner s\u00e9curit\u00e9 et connaissances lors de ses interactions avec les clients. Une bonne formation sera bas\u00e9e sur la connaissance de:<\/p>\n\n\n\n<ul class=\"wp-block-list\">\n<li>\n<ul class=\"wp-block-list\">\n<li>valeurs de la marque<\/li>\n\n\n\n<li>produits et services offerts<\/li>\n\n\n\n<li>processus d\u2019achat en magasin et avec la centrale<\/li>\n\n\n\n<li>distribution des sections et des produits en magasin et en ligne<\/li>\n\n\n\n<li>technologie utilis\u00e9e<\/li>\n\n\n\n<li>valeurs et carences des concurrents<\/li>\n<\/ul>\n<\/li>\n<\/ul>\n\n\n\n<h6 class=\"wp-block-heading\"><strong>3.&nbsp;<\/strong>Aspects qui orientent et conditionnent le comportement de l\u2019acheteur au point de vente<\/h6>\n\n\n\n<p id=\"tw-target-text\">Nous devons cr\u00e9er une strat\u00e9gie de l\u2019itin\u00e9raire que nous voulons que l\u2019acheteur fasse. Pour cela, nous aurons des stimuli sensoriels dans tout le magasin o\u00f9 les odeurs, l\u2019\u00e9clairage, la technologie, la musique, etc. seront utilis\u00e9s afin d\u2019attirer l\u2019attention du client et de provoquer des \u00e9motions qui activent l\u2019impulsion d\u2019achat.<\/p>\n\n\n\n<figure class=\"wp-block-image aligncenter\"><a href=\"http:\/\/resources.sbshoppingbasket.com\/fr\/ebook-4-nouvelle-normalite-retail\"><img decoding=\"async\" src=\"https:\/\/sbshoppingbasket.com\/wp-content\/uploads\/2020\/04\/banner-web-horizontal-1024x360-ebook4-form-fra.jpg\" alt=\"banner-web-horizontal- 1024x360-ebook4-form-fra\" class=\"wp-image-93227\" title=\"\"><\/a><\/figure>\n\n\n\n<p id=\"tw-target-text\">Comme nous l\u2019avons d\u00e9j\u00e0 expliqu\u00e9, stimuler tous les sens de l\u2019acheteur gr\u00e2ce \u00e0 l\u2019ergonomie retail sensorielle am\u00e9liorera le positionnement de notre marque et maximisera les ventes gr\u00e2ce \u00e0 cette exposition d\u2019exp\u00e9riences \u00e0 travers les sens.<\/p>\n\n\n\n<h2><span style=\"color: #000000;\"><img decoding=\"async\" class=\"alignnone wp-image-102840\" src=\"https:\/\/sbshoppingbasket.com\/wp-content\/uploads\/2021\/12\/email-300x300.png\" alt=\"email\" width=\"50\" height=\"50\" title=\"\"> Inscrivez-vous \u00e0 notre newsletter et soyez le premier \u00e0 recevoir nos articles !<\/span><\/h2>\n\n<!-- [if lte IE 8]>\n<script charset=\"utf-8\" type=\"text\/javascript\" src=\"\/\/js-eu1.hsforms.net\/forms\/v2-legacy.js\"><\/script>\n<![endif]-->\n<script charset=\"utf-8\" type=\"text\/javascript\" src=\"\/\/js-eu1.hsforms.net\/forms\/v2.js\"><\/script>\n<script>\n  hbspt.forms.create({\n\tregion: \"eu1\",\n\tportalId: \"24883085\",\n\tformId: \"965a5a7f-d86d-4599-ade1-bd0294e02a57\"\n});\n<\/script>\n","protected":false},"excerpt":{"rendered":"<p>Ergonomie retail sensorielle&nbsp; Vous \u00eates-vous d\u00e9j\u00e0 demand\u00e9 comment tous nos sens et nos esprits influencent la d\u00e9cision d\u2019achat\u202f? L\u2019ergonomie retail est la sp\u00e9cialit\u00e9 qui vise le bien-\u00eatre dans tous les sens de l\u2019acheteur au point de vente. De cette fa\u00e7on, il est possible que vous vous sentiez \u00e0 l\u2019aise lors de vos achats et que [&hellip;]<\/p>\n","protected":false},"author":3,"featured_media":2983,"comment_status":"closed","ping_status":"closed","sticky":false,"template":"","format":"standard","meta":{"content-type":"","footnotes":""},"categories":[192],"tags":[],"class_list":["post-7175","post","type-post","status-publish","format-standard","has-post-thumbnail","hentry","category-tendances-des-equipements-commerciaux"],"_links":{"self":[{"href":"https:\/\/sbshoppingbasket.com\/fr\/wp-json\/wp\/v2\/posts\/7175","targetHints":{"allow":["GET"]}}],"collection":[{"href":"https:\/\/sbshoppingbasket.com\/fr\/wp-json\/wp\/v2\/posts"}],"about":[{"href":"https:\/\/sbshoppingbasket.com\/fr\/wp-json\/wp\/v2\/types\/post"}],"author":[{"embeddable":true,"href":"https:\/\/sbshoppingbasket.com\/fr\/wp-json\/wp\/v2\/users\/3"}],"replies":[{"embeddable":true,"href":"https:\/\/sbshoppingbasket.com\/fr\/wp-json\/wp\/v2\/comments?post=7175"}],"version-history":[{"count":1,"href":"https:\/\/sbshoppingbasket.com\/fr\/wp-json\/wp\/v2\/posts\/7175\/revisions"}],"predecessor-version":[{"id":7177,"href":"https:\/\/sbshoppingbasket.com\/fr\/wp-json\/wp\/v2\/posts\/7175\/revisions\/7177"}],"wp:featuredmedia":[{"embeddable":true,"href":"https:\/\/sbshoppingbasket.com\/fr\/wp-json\/wp\/v2\/media\/2983"}],"wp:attachment":[{"href":"https:\/\/sbshoppingbasket.com\/fr\/wp-json\/wp\/v2\/media?parent=7175"}],"wp:term":[{"taxonomy":"category","embeddable":true,"href":"https:\/\/sbshoppingbasket.com\/fr\/wp-json\/wp\/v2\/categories?post=7175"},{"taxonomy":"post_tag","embeddable":true,"href":"https:\/\/sbshoppingbasket.com\/fr\/wp-json\/wp\/v2\/tags?post=7175"}],"curies":[{"name":"wp","href":"https:\/\/api.w.org\/{rel}","templated":true}]}}