{"id":7145,"date":"2021-08-19T08:48:01","date_gmt":"2021-08-19T06:48:01","guid":{"rendered":"https:\/\/sbshoppingbasket.com\/?p=7145"},"modified":"2023-11-14T17:15:02","modified_gmt":"2023-11-14T16:15:02","slug":"zero-emission-nette","status":"publish","type":"post","link":"https:\/\/sbshoppingbasket.com\/fr\/blog\/zero-emission-nette\/","title":{"rendered":"Z\u00e9ro \u00e9mission nette"},"content":{"rendered":"\n<h2 class=\"wp-block-heading\">Que sont les z\u00e9ro \u00e9missions nettes ?<\/h2>\n\n\n\n<p>Z\u00e9ro \u00e9mission nette fait r\u00e9f\u00e9rence \u00e0 l\u2019objectif de r\u00e9duction de la pollution provenant des processus industriels. L\u2019id\u00e9e est de les compenser dans l\u2019atmosph\u00e8re gr\u00e2ce au recyclage ou \u00e0 la s\u00e9questration du carbone. Au cours du si\u00e8cle dernier, la temp\u00e9rature de la Terre a augment\u00e9 de plus de 1\u00b0C en raison de la surutilisation de combustibles fossiles tels que le p\u00e9trole ou le charbon.<\/p>\n\n\n\n<p>En 2015, l\u2019Accord de Paris sur le climat a lieu. 55 pays qui repr\u00e9sentent 55% des \u00e9missions totales, se fixent les objectifs n\u00e9cessaires pour r\u00e9duire la temp\u00e9rature de 1,5\u00b0C au cours de ce si\u00e8cle. Ces mesures visent \u00e0 r\u00e9duire les cons\u00e9quences du changement climatique.<\/p>\n\n\n\n<h4 class=\"wp-block-heading\">Mesures de l\u2019accord<\/h4>\n\n\n\n<ul class=\"wp-block-list\">\n<li>R\u00e9duction des \u00e9missions.<\/li>\n\n\n\n<li>Atteignez les \u00e9missions maximales autoris\u00e9es d\u00e8s que possible, puis r\u00e9duisez-les rapidement pour atteindre la neutralit\u00e9 carbone.<\/li>\n\n\n\n<li>Engagements des pays.<\/li>\n\n\n\n<li>195 pays s\u2019engagent \u00e0 lutter contre le changement climatique.<\/li>\n\n\n\n<li>L\u2019accord entrera en vigueur en 2020 et sera r\u00e9vis\u00e9 tous les 5 ans pour augmenter les niveaux de r\u00e9daction.<\/li>\n\n\n\n<li>Transparence.<\/li>\n\n\n\n<li>Ils s\u2019engagent \u00e0 rendre compte de leurs \u00e9missions et de leurs apports et investissements de cette nature.<\/li>\n\n\n\n<li>Le m\u00e9canisme du march\u00e9.<\/li>\n\n\n\n<li>Ils pourront acheter et vendre des \u00e9missions et fixer le prix du carbone pour inciter \u00e0 r\u00e9duire les \u00e9missions.<\/li>\n\n\n\n<li>Engagement financier.<\/li>\n\n\n\n<li>Les pays riches doivent aider les pays en d\u00e9veloppement en finan\u00e7ant au moins 100 milliards de dollars par an.<\/li>\n\n\n\n<li>Dommages irr\u00e9cup\u00e9rables.<\/li>\n\n\n\n<li>Reconnaissance de la n\u00e9cessit\u00e9 de mesures d\u2019accompagnement en cas de pertes irr\u00e9cup\u00e9rables, sans toutefois pr\u00e9ciser l\u2019indemnisation.<\/li>\n\n\n\n<li>Forme juridique et conformit\u00e9.<\/li>\n\n\n\n<li>L\u2019Accord est contraignant et des objectifs nationaux de r\u00e9duction seront fix\u00e9s par chacun d\u2019eux.<\/li>\n<\/ul>\n\n\n\n<h2 class=\"wp-block-heading\">Situation actuelle<\/h2>\n\n\n\n<p>Fin 2020, seuls 9 pays du G20 avaient soumis leurs NDC (Nationally Defined Contributions). Il s\u2019agit de leurs strat\u00e9gies en mati\u00e8re d\u2019action climatique. Ils se sont engag\u00e9s \u00e0 r\u00e9duire leurs \u00e9missions de gaz \u00e0 effet de serre, notamment en prenant des mesures d\u2019att\u00e9nuation, d\u2019adaptation et de mise en \u0153uvre pour y parvenir. Ils doivent le renouveler tous les 5 ans avec des objectifs de plus en plus ambitieux.<\/p>\n\n\n\n<p>De plus, les trois pays les plus polluants, la Chine, les \u00c9tats-Unis et l\u2019Inde, ne l\u2019ont m\u00eame pas pr\u00e9sent\u00e9. En avril 2021, lors du sommet sur le climat aux \u00c9tats-Unis, l\u2019UE a pr\u00e9sent\u00e9 son plan contraignant pour r\u00e9duire ses \u00e9missions de 55% jusqu\u2019en 2030. Les \u00c9tats-Unis ont pr\u00e9sent\u00e9 leurs objectifs, parmi lesquels la r\u00e9duction des \u00e9missions de CO2 entre 50-52 % par rapport \u00e0 2005 d&rsquo;ici \u00e0 2030.<\/p>\n\n\n\n<figure class=\"wp-block-image aligncenter\"><img decoding=\"async\" src=\"https:\/\/sbshoppingbasket.com\/wp-content\/uploads\/2021\/08\/net-zer-un-fra.jpg\" alt=\"net-zer-un-fra\" class=\"wp-image-99470\" title=\"\"><\/figure>\n\n\n\n<p id=\"tw-target-text\"><strong>Source :<\/strong>&nbsp;<a href=\"https:\/\/www.wri.org\/insights\/interactive-chart-shows-changes-worlds-top-10-emitters\" target=\"_blank\" rel=\"noreferrer noopener nofollow\">WRI<\/a>, les chiffres sont arrondis<\/p>\n\n\n\n<figure class=\"wp-block-image aligncenter\"><img decoding=\"async\" src=\"https:\/\/sbshoppingbasket.com\/wp-content\/uploads\/2021\/08\/net-zer-un-2030-goal.jpg\" alt=\"net-zer-un-2030-goal\" class=\"wp-image-99441\" title=\"\"><\/figure>\n\n\n\n<p>75<\/p>\n\n\n\n<h2 class=\"wp-block-heading\">Parlons des gaz\u2026<\/h2>\n\n\n\n<h4 class=\"wp-block-heading\">Dioxyde de carbone CO2<\/h4>\n\n\n\n<p>En g\u00e9n\u00e9ral, on parle souvent d\u2019\u00e9missions de carbone dans l\u2019atmosph\u00e8re. En effet, ils repr\u00e9sentent 75 % des \u00e9missions totales \u00e0 effet de serre. La plupart d\u2019entre eux sont issus du secteur des transports et de la production d\u2019\u00e9lectricit\u00e9.<\/p>\n\n\n\n<p>17<\/p>\n\n\n\n<h4 class=\"wp-block-heading\">CH4 m\u00e9thane gazeux<\/h4>\n\n\n\n<p>Ils constituent 17 % du total des gaz \u00e0 effet de serre. Malgr\u00e9 le fait que ce gaz a une dur\u00e9e de vie utile beaucoup plus courte que le dioxyde de carbone, il pi\u00e8ge le rayonnement plus efficacement. Cela signifie qu\u2019au cours des 100 derni\u00e8res ann\u00e9es, il a contribu\u00e9 au r\u00e9chauffement climatique, 28 fois plus que le CO2. . Les principaux \u00e9metteurs de ce gaz sont les porcs et les vaches lors de la digestion. Son fumier le produit \u00e9galement en se d\u00e9composant, ainsi qu\u2019en br\u00fblant des arbres et des herbes pour d\u00e9fricher la terre pour l\u2019agriculture.<\/p>\n\n\n\n<p>M\u00eame ce gaz repr\u00e9sente 23% du r\u00e9chauffement climatique \u00e0 ce jour.<\/p>\n\n\n\n<h4 class=\"wp-block-heading\">Protoxyde d\u2019azote N2O<\/h4>\n\n\n\n<p>Il repr\u00e9sente 6 % des \u00e9missions totales de polluants. Il provient du secteur agricole et de ses engrais ou de la combustion des r\u00e9sidus de r\u00e9colte. Aussi, de certains carburants tels que les \u00e9missions que Volkswagen a masqu\u00e9es en 2015.<\/p>\n\n\n\n<h4 class=\"wp-block-heading\">Gaz chlorofluorocarbones CFC<\/h4>\n\n\n\n<p>Ils repr\u00e9sentent 2% et proviennent principalement de la r\u00e9frig\u00e9ration et de la climatisation.<\/p>\n\n\n\n<h2 class=\"wp-block-heading\">Actions sp\u00e9cifiques des entreprises<\/h2>\n\n\n\n<p>EU, Climate Ambition Accelerator est un programme pour atteindre le z\u00e9ro net. Il compte plus de 500 entreprises de 26 pays. L\u2019objectif est de r\u00e9duire de moiti\u00e9 les \u00e9missions mondiales d\u2019ici \u00e0 2030 et d\u2019atteindre z\u00e9ro \u00e9mission nette d\u2019ici \u00e0 2050. Le programme dure 6 mois. Pendant ce temps, les entreprises peuvent participer \u00e0 des sessions de renforcement des capacit\u00e9s, am\u00e9liorer leurs pratiques et apprendre de leurs pairs. Ils peuvent \u00e9galement dialoguer avec des experts lors d\u2019\u00e9v\u00e9nements internationaux.<\/p>\n\n\n\n<h4 class=\"wp-block-heading\">Quelle est l\u2019empreinte carbone ?<\/h4>\n\n\n\n<p>L\u2019empreinte carbone est l\u2019impact qu\u2019une personne, une famille ou une entreprise provoque sur l\u2019environnement. Il est calcul\u00e9 en fonction des gaz \u00e0 effet de serre que nous produisons et se mesure en quantit\u00e9 de CO2.<\/p>\n\n\n\n<p>De cette fa\u00e7on, l\u2019impact peut \u00eatre mesur\u00e9 et des mesures prises pour le r\u00e9duire.<\/p>\n\n\n\n<h4 class=\"wp-block-heading\">Pratiques courantes pour compenser l\u2019empreinte carbone dans les entreprises :<\/h4>\n\n\n\n<ul class=\"wp-block-list\">\n<li>Plantation d\u2019arbres dans les zones d\u00e9bois\u00e9es.<\/li>\n\n\n\n<li>Installation de centrales photovolta\u00efques.<\/li>\n\n\n\n<li>Mettre en \u0153uvre une production plus durable gr\u00e2ce \u00e0 de nouveaux mat\u00e9riaux tels que des mat\u00e9riaux recycl\u00e9s et des machines qui polluent et consomment moins d\u2019\u00e9nergie.<\/li>\n\n\n\n<li>Inscription dans les registres officiels d\u2019empreinte carbone.<\/li>\n\n\n\n<li>Cr\u00e9er un espace.<\/li>\n<\/ul>\n\n\n\n<h4 class=\"wp-block-heading\">Compensation CO2 gr\u00e2ce \u00e0 la plantation d\u2019arbres<\/h4>\n\n\n\n<p>Nous sommes conscients de la responsabilit\u00e9 que nous avons sur la plan\u00e8te et cette ann\u00e9e nous avons compens\u00e9 plus de 264 000 kg de CO2 en reboisant l\u2019Amazonie, ce grand poumon de la plan\u00e8te.<\/p>\n\n\n\n<p>Notre engagement est d\u2019augmenter cette quantit\u00e9 de CO2 ann\u00e9e apr\u00e8s ann\u00e9e afin d\u2019accro\u00eetre notre engagement et notre comp\u00e9tence.<\/p>\n\n\n\n<h4 class=\"wp-block-heading\">La gamme de produits 100 % recycl\u00e9s de Shopping Basket<\/h4>\n\n\n\n<p>Nous savons qu\u2019il est n\u00e9cessaire de travailler avec des mati\u00e8res premi\u00e8res recycl\u00e9es qui contribuent \u00e0 un monde plus durable. C\u2019est la raison pour laquelle Shopping Basket dispose d\u00e9j\u00e0 d\u2019une&nbsp;<a href=\"https:\/\/sbshoppingbasket.com\/recycled-shopping-baskets\/?lang=en\" target=\"_blank\" rel=\"noreferrer noopener\">gamme de paniers et chariots recycl\u00e9s post-consommation<\/a>&nbsp;avec un minimum de 95% de mati\u00e8res recycl\u00e9es provenant de contenants en plastique de la rue.<\/p>\n\n\n\n<p>De plus, tous nos produits noirs sont fabriqu\u00e9s \u00e0 partir de mat\u00e9riaux 100% recycl\u00e9s, rempla\u00e7ant notre standard noir fabriqu\u00e9 \u00e0 partir de polypropyl\u00e8ne vierge.<\/p>\n\n\n\n<figure class=\"wp-block-image aligncenter\"><img decoding=\"async\" src=\"https:\/\/sbshoppingbasket.com\/wp-content\/uploads\/2019\/10\/banner-web-1024x100-ebook3-FRA.jpg\" alt=\"\" class=\"wp-image-89909\" title=\"\"><\/figure>\n\n\n\n<p><a href=\"https:\/\/resources.sbshoppingbasket.com\/fr\/es\/ebook-retail-3-recycler-une-nouvelle-opportunite-pour-votre-business\" target=\"_blank\" rel=\"noreferrer noopener\"><strong><\/strong><\/a><\/p>\n\n\n\n<h3 class=\"wp-block-heading\">Comment l\u2019empreinte carbone est-elle calcul\u00e9e ?<\/h3>\n\n\n\n<p>Pour le calculer, il est n\u00e9cessaire de conna\u00eetre les donn\u00e9es exactes qui influencent directement et indirectement les activit\u00e9s commerciales. \u00c9lectricit\u00e9, consommation de transport, mati\u00e8res premi\u00e8res, emballages, gestion des d\u00e9chets, etc. ne sont que quelques-uns. L\u2019empreinte est mesur\u00e9e en tonnes de CO2. Le r\u00e9sultat obtenu sera le montant \u00e0 compenser avec les pratiques courantes que nous avons expliqu\u00e9es ci-dessus.<\/p>\n\n\n\n<h4 class=\"wp-block-heading\">Calculatrice Gamme 1 + 2<\/h4>\n\n\n\n<p>Ce calculateur prend en compte les \u00e9missions directes des entreprises ou des particuliers. Ils tiennent compte des \u00e9missions des combustibles des b\u00e2timents ou des usines, des gaz des \u00e9quipements de r\u00e9frig\u00e9ration, ainsi que des \u00e9missions indirectes comme l\u2019\u00e9lectricit\u00e9. Les r\u00e9sultats permettent d\u2019\u00e9laborer un plan de r\u00e9duction de ces \u00e9missions ou de les acheter avec les ann\u00e9es pr\u00e9c\u00e9dentes.<\/p>\n\n\n\n<h4 class=\"wp-block-heading\">Calculatrice de la gamme 3<\/h4>\n\n\n\n<p>Ce calculateur vous permet d\u2019estimer les \u00e9missions associ\u00e9es aux \u00e9missions indirectes telles que les d\u00e9placements professionnels, le nettoyage, la s\u00e9curit\u00e9, etc.<\/p>\n\n\n\n<h4 class=\"wp-block-heading\">Un avenir incertain, mais plein d\u2019espoir \u00e0 la fois ?<\/h4>\n\n\n\n<p>De nombreuses initiatives sont mises en \u0153uvre \u00e0 travers la plan\u00e8te. Les gouvernements et certaines organisations internationales font pression pour r\u00e9duire la quantit\u00e9 de CO2 rejet\u00e9e dans l\u2019atmosph\u00e8re chaque jour. Tout le monde sait que la Terre se r\u00e9chauffe, et cela est en grande partie d\u00fb \u00e0 la fabrication, au transport, \u00e0 la r\u00e9frig\u00e9ration, \u00e0 l\u2019agriculture, etc. qui jusqu\u2019\u00e0 pr\u00e9sent n\u2019ont pas pris en compte ses effets n\u00e9fastes. Cependant, il semble que ce soit le d\u00e9but d\u2019un \u00e9tat d\u2019esprit plus durable.<\/p>\n\n\n\n<p>De plus, il existe de plus en plus de gammes de produits recycl\u00e9s, fabriqu\u00e9s avec des plastiques provenant de contenants en plastique dans la rue. Les entreprises priv\u00e9es s\u2019efforcent d\u2019adapter leur production et de promouvoir les lignes vertes de leurs produits.<\/p>\n\n\n\n<h3 class=\"wp-block-heading\">T\u00c9L\u00c9CHARGEZ NOS EBOOKS GRATUITS<\/h3>\n\n\n\n<figure class=\"wp-block-image aligncenter\"><a href=\"https:\/\/resources.sbshoppingbasket.com\/fr\/ebook-5-retail-proximite\"><img decoding=\"async\" src=\"https:\/\/sbshoppingbasket.com\/wp-content\/uploads\/2021\/01\/banner-web-horizontal-1024x156-ebook5-fra.jpg\" alt=\"banner-web-horizontal-1024x156-ebook5-fra\" class=\"wp-image-99080\" title=\"\"><\/a><\/figure>\n\n\n\n<h2><span style=\"color: #000000;\"><img decoding=\"async\" class=\"alignnone wp-image-102840\" src=\"https:\/\/sbshoppingbasket.com\/wp-content\/uploads\/2021\/12\/email-300x300.png\" alt=\"email\" width=\"50\" height=\"50\" title=\"\"> Inscrivez-vous \u00e0 notre newsletter et soyez le premier \u00e0 recevoir nos articles !<\/span><\/h2>\n\n<!-- [if lte IE 8]>\n<script charset=\"utf-8\" type=\"text\/javascript\" src=\"\/\/js-eu1.hsforms.net\/forms\/v2-legacy.js\"><\/script>\n<![endif]-->\n<script charset=\"utf-8\" type=\"text\/javascript\" src=\"\/\/js-eu1.hsforms.net\/forms\/v2.js\"><\/script>\n<script>\n  hbspt.forms.create({\n\tregion: \"eu1\",\n\tportalId: \"24883085\",\n\tformId: \"965a5a7f-d86d-4599-ade1-bd0294e02a57\"\n});\n<\/script>\n","protected":false},"excerpt":{"rendered":"<p>Que sont les z\u00e9ro \u00e9missions nettes ? Z\u00e9ro \u00e9mission nette fait r\u00e9f\u00e9rence \u00e0 l\u2019objectif de r\u00e9duction de la pollution provenant des processus industriels. L\u2019id\u00e9e est de les compenser dans l\u2019atmosph\u00e8re gr\u00e2ce au recyclage ou \u00e0 la s\u00e9questration du carbone. Au cours du si\u00e8cle dernier, la temp\u00e9rature de la Terre a augment\u00e9 de plus de 1\u00b0C [&hellip;]<\/p>\n","protected":false},"author":3,"featured_media":2835,"comment_status":"closed","ping_status":"closed","sticky":false,"template":"","format":"standard","meta":{"content-type":"","footnotes":""},"categories":[190],"tags":[],"class_list":["post-7145","post","type-post","status-publish","format-standard","has-post-thumbnail","hentry","category-durabilite"],"_links":{"self":[{"href":"https:\/\/sbshoppingbasket.com\/fr\/wp-json\/wp\/v2\/posts\/7145","targetHints":{"allow":["GET"]}}],"collection":[{"href":"https:\/\/sbshoppingbasket.com\/fr\/wp-json\/wp\/v2\/posts"}],"about":[{"href":"https:\/\/sbshoppingbasket.com\/fr\/wp-json\/wp\/v2\/types\/post"}],"author":[{"embeddable":true,"href":"https:\/\/sbshoppingbasket.com\/fr\/wp-json\/wp\/v2\/users\/3"}],"replies":[{"embeddable":true,"href":"https:\/\/sbshoppingbasket.com\/fr\/wp-json\/wp\/v2\/comments?post=7145"}],"version-history":[{"count":1,"href":"https:\/\/sbshoppingbasket.com\/fr\/wp-json\/wp\/v2\/posts\/7145\/revisions"}],"predecessor-version":[{"id":7146,"href":"https:\/\/sbshoppingbasket.com\/fr\/wp-json\/wp\/v2\/posts\/7145\/revisions\/7146"}],"wp:featuredmedia":[{"embeddable":true,"href":"https:\/\/sbshoppingbasket.com\/fr\/wp-json\/wp\/v2\/media\/2835"}],"wp:attachment":[{"href":"https:\/\/sbshoppingbasket.com\/fr\/wp-json\/wp\/v2\/media?parent=7145"}],"wp:term":[{"taxonomy":"category","embeddable":true,"href":"https:\/\/sbshoppingbasket.com\/fr\/wp-json\/wp\/v2\/categories?post=7145"},{"taxonomy":"post_tag","embeddable":true,"href":"https:\/\/sbshoppingbasket.com\/fr\/wp-json\/wp\/v2\/tags?post=7145"}],"curies":[{"name":"wp","href":"https:\/\/api.w.org\/{rel}","templated":true}]}}